{"id":1133,"date":"2020-05-18T15:49:59","date_gmt":"2020-05-18T13:49:59","guid":{"rendered":"https:\/\/www.work-now.eu\/?p=1133"},"modified":"2021-01-08T06:11:22","modified_gmt":"2021-01-08T04:11:22","slug":"bezny-den-pecovatelky","status":"publish","type":"post","link":"https:\/\/www.work-now.eu\/cs\/bezny-den-pecovatelky\/","title":{"rendered":"B\u011b\u017en\u00fd den pe\u010dovatelky"},"content":{"rendered":"\n<p>Zaj\u00edmalo by V\u00e1s jak vypad\u00e1 b\u011b\u017en\u00fd den pe\u010dovatelky senioru v pe\u010dovatelsk\u00e9m dom\u011b?B\u011b\u017en\u00fd den pe\u010dovatelky<\/p>\n\n\n\n<!--more-->\n\n\n\n<p>M\u00e1m 47 let a m\u00e1m dlouholet\u00e9 zku\u0161enosti s p\u00e9\u010di o star\u00e9 lidi. V minulosti jsem pracovala 10 let jako sanit\u00e1\u0159ka na odd\u011blen\u00ed dlouhodob\u011b nemocn\u00fdch a star\u00fdch lid\u00ed na Slovensku. Jeliko\u017e tuto pr\u00e1ci m\u00e1m r\u00e1da, tak i nyn\u00ed se star\u00e1m o seniori  v pe\u010dovatelsk\u00e9m dom\u011b, ale za touto prac\u00ed jsem vyjela do Velk\u00e9 Brit\u00e1nie. Ne\u017e se rozhodne pe\u010dovatelka b\u00fdt pe\u010dovatelkou, m\u011bla by to m\u00edt vyryt\u00e9 v srdci a c\u00edtit pot\u0159ebu pom\u00e1hat a b\u00fdt oporou star\u00fdm lidem. Je \u00fa\u017easn\u00e9, kdy\u017e to pe\u010dovatelka c\u00edt\u00ed srdcem a ne jako povinnost. Tak jak to c\u00edt\u00edm i j\u00e1 a neberu to jen jako svou pr\u00e1ci, ale i jako posl\u00e1n\u00ed. Miluji svou pr\u00e1ci a napl\u0148uje m\u011b \u0161t\u011bst\u00edm. Vd\u011b\u010dn\u00fd pohled m\u00fdch sv\u011b\u0159enc\u016f je ta prav\u00e1 odm\u011bna za v\u0161echnu n\u00e1mahu.<\/p>\n\n\n\n<p>Cht\u011bla bych se s Vam pod\u011blit o to, jak vypad\u00e1 m\u016fj b\u011b\u017en\u00fd den. Ne ka\u017ed\u00fd den je stejn\u00fd, z\u00e1vis\u00ed to na tom, jakou sm\u011bnu m\u00e1m v pr\u00e1ci.<\/p>\n\n\n\n<p>Kdy\u017e m\u00e1m rann\u00ed sm\u011bnu, tak se probud\u00edm r\u00e1no do slu\u017eby o hodinu a p\u016fl d\u0159\u00edve. I kdy\u017e m\u00e1m do pr\u00e1ce jen p\u00e1r krok\u016f, vst\u00e1v\u00e1m sp\u00ed\u0161e proto, \u017ee si d\u00e1m sprchu, sn\u00eddan\u011b, k\u00e1vi\u010dku, cigaretku a den m\u016f\u017ee za\u010d\u00edt. Ud\u011bl\u00e1m si pro sebe p\u0159ed prac\u00ed takovou relaxa\u010dn\u00ed hodinku.<\/p>\n\n\n\n<p>Pracovn\u00ed doba v na\u0161em pe\u010dovatelsk\u00e9m dom\u011b za\u010d\u00edn\u00e1 v rann\u00ed sm\u011bn\u011b o 7:30, ale do pr\u00e1ce p\u0159ich\u00e1z\u00edme 15 minut v p\u0159edstihu tedy o 7:15, aby n\u00e1m no\u010dn\u00ed sm\u011bna odevzdala hl\u00e1\u0161en\u00ed o obyvatel\u00edch domu. Kdy\u017e si probereme hl\u00e1\u0161en\u00ed, provedeme klient\u016fm rann\u00ed toaletu. Prov\u00e1d\u00ed se to na pokoji klienta, n\u011bkdy se prov\u00e1d\u00ed r\u00e1no i koupel. Kdy\u017e je rann\u00ed toaleta provedena, tak klienty p\u0159evedeme do j\u00eddeln\u00ed m\u00edstnosti, kde jim p\u0159ineseme ke stolu sn\u00eddani a po sn\u00eddani uklid\u00edme. Pozd\u011bji, v 10:00 se klient\u016fm pod\u00e1v\u00e1 sva\u010dina (k\u00e1va, \u010daj a su\u0161enky). Mezit\u00edm pod\u00e1me sn\u00eddani na pokoji t\u011bm klient\u016fm, kte\u0159\u00ed nesn\u00eddali v j\u00eddeln\u011b, tedy t\u00edm, co jsou le\u017e\u00edc\u00ed. T\u011bchto klient\u016f prepolohujeme, p\u0159ebal\u00edme pleny, d\u00e1me tak\u00e9 sva\u010dinu podle schopnosti, jak se zvl\u00e1dne naj\u00edst. Nab\u00edz\u00edme jim \u010dasto tekutiny. A polohujeme t\u011bchto le\u017e\u00edc\u00edch klient\u016f ka\u017ed\u00e9 dv\u011b hodiny, aby se p\u0159edch\u00e1zelo vzniku dekubit\u016f. O 11:00 p\u0159ich\u00e1z\u00ed p\u0159est\u00e1vka pro n\u00e1s pro person\u00e1l na sva\u010dinu nebo ob\u011bd. P\u0159est\u00e1vku m\u00e1me 30 minut. O 11:30 se za\u010dnou p\u0159ipravovat stoly v j\u00eddeln\u011b k ob\u011bdu pro klienty, rozd\u00e1n\u00ed p\u0159\u00edbor\u016f a rozd\u00e1n\u00ed sklenic na stoly na tekutiny k ob\u011bdu pro klienty. Klienty p\u0159ivedeme ke stolu. O 12:00 je \u010das ob\u011bda, kdy serv\u00edrujeme klient\u016fm ob\u011bd a t\u00edm, co pot\u0159ebuj\u00ed, pom\u00e1h\u00e1me s krmen\u00edm. Po ob\u011bd\u011b, klienty zavedeme dle v\u00fdb\u011bru, kam cht\u011bj\u00ed j\u00edt, bu\u010f do televizn\u00ed m\u00edstnosti nebo na pokoj, p\u0159\u00edpadn\u011b do zahrady na proch\u00e1zku. Zat\u00edmco toto ud\u011bl\u00e1me, je 13:30 a to u\u017e my, person\u00e1l sed\u00e1me ke stolu a za\u010d\u00edn\u00e1me ps\u00e1t hl\u00e1\u0161en\u00ed ka\u017ed\u00fd do z\u00e1znamu sv\u00e9ho p\u0159id\u011blen\u00e9ho klienta, kde p\u00ed\u0161eme, jak prob\u011bhl den u dan\u00e9ho klienta nebo, pokud se stalo n\u011bco v\u00fdjime\u010dn\u00e9ho, \u200b\u200bna co by bylo t\u0159eba br\u00e1t v\u011bt\u0161\u00ed z\u0159etel. Je to za t\u00edm \u00fa\u010delem, aby n\u00e1sleduj\u00edc\u00ed sm\u011bna, kter\u00e1 p\u0159ijde po n\u00e1s v\u011bd\u011bla, jestli se nestalo n\u011bco v\u00fdjime\u010dn\u00e9ho. Kdy\u017e toto ud\u011bl\u00e1me, je u\u017e 14:00, kdy\u017e na\u0161e pracovn\u00ed doba rann\u00ed sm\u011bny kon\u010d\u00ed a p\u0159ich\u00e1z\u00ed v\u00fdm\u011bna slu\u017eby. Tedy nastupuje odpoledn\u00ed sm\u011bna. P\u0159ed\u00e1me hl\u00e1\u0161en\u00ed odpoledn\u00ed sm\u011bn\u011b a odch\u00e1z\u00edme dom\u016f. Kdy\u017e p\u0159ijdu o 14:00 dom\u016f, hod\u00edm sprchu ud\u011bl\u00e1m k\u00e1vi\u010dku a d\u00e1m si k n\u00ed cigaretku. S dobr\u00fdm pocitem pak u\u017e jen doma relaxuji. Pop\u0159\u00edpad\u011b pokud m\u00e1m na n\u011bco chu\u0165, tak si n\u011bco uva\u0159\u00edm. Nebo jdu do m\u011bsta na n\u00e1kup nebo na proch\u00e1zku k mo\u0159i.<\/p>\n","protected":false},"excerpt":{"rendered":"<p>Zaj\u00edmalo by V\u00e1s jak vypad\u00e1 b\u011b\u017en\u00fd den pe\u010dovatelky senioru v pe\u010dovatelsk\u00e9m dom\u011b?B\u011b\u017en\u00fd den pe\u010dovatelky<\/p>\n","protected":false},"author":1,"featured_media":1102,"comment_status":"closed","ping_status":"closed","sticky":false,"template":"","format":"standard","meta":{"_acf_changed":false,"footnotes":""},"categories":[7],"tags":[],"class_list":["post-1133","post","type-post","status-publish","format-standard","has-post-thumbnail","hentry","category-nezarazene","necervensie"],"acf":[],"yoast_head":"<!-- This site is optimized with the Yoast SEO plugin v26.1.1 - https:\/\/yoast.com\/wordpress\/plugins\/seo\/ -->\n<title>B\u011b\u017en\u00fd den pe\u010dovatelky &#8212; Work now!<\/title>\n<meta name=\"robots\" content=\"index, follow, max-snippet:-1, max-image-preview:large, max-video-preview:-1\" \/>\n<meta property=\"og:locale\" content=\"cs_CZ\" \/>\n<meta property=\"og:type\" content=\"article\" \/>\n<meta property=\"og:title\" content=\"B\u011b\u017en\u00fd den pe\u010dovatelky &#8212; Work now!\" \/>\n<meta property=\"og:description\" content=\"Zaj\u00edmalo by V\u00e1s jak vypad\u00e1 b\u011b\u017en\u00fd den pe\u010dovatelky senioru v pe\u010dovatelsk\u00e9m dom\u011b?B\u011b\u017en\u00fd den pe\u010dovatelky\" \/>\n<meta property=\"og:url\" content=\"https:\/\/www.work-now.eu\/cs\/bezny-den-pecovatelky\/\" \/>\n<meta property=\"og:site_name\" content=\"Work now!\" \/>\n<meta property=\"article:published_time\" content=\"2020-05-18T13:49:59+00:00\" \/>\n<meta property=\"article:modified_time\" content=\"2021-01-08T04:11:22+00:00\" \/>\n<meta property=\"og:image\" content=\"https:\/\/www.work-now.eu\/wp-content\/uploads\/2020\/05\/Health-Social-Care-Values-and-Qualifications-Stonebridge-Associated-Colleges-768x236-2.jpeg\" \/>\n\t<meta property=\"og:image:width\" content=\"768\" \/>\n\t<meta property=\"og:image:height\" content=\"236\" \/>\n\t<meta property=\"og:image:type\" content=\"image\/jpeg\" \/>\n<meta name=\"author\" content=\"agentura\" \/>\n<meta name=\"twitter:card\" content=\"summary_large_image\" \/>\n<meta name=\"twitter:label1\" content=\"Napsal(a)\" \/>\n\t<meta name=\"twitter:data1\" content=\"agentura\" \/>\n\t<meta name=\"twitter:label2\" content=\"Odhadovan\u00e1 doba \u010dten\u00ed\" \/>\n\t<meta name=\"twitter:data2\" content=\"4 minuty\" \/>\n<script type=\"application\/ld+json\" class=\"yoast-schema-graph\">{\"@context\":\"https:\/\/schema.org\",\"@graph\":[{\"@type\":\"Article\",\"@id\":\"https:\/\/www.work-now.eu\/cs\/bezny-den-pecovatelky\/#article\",\"isPartOf\":{\"@id\":\"https:\/\/www.work-now.eu\/cs\/bezny-den-pecovatelky\/\"},\"author\":{\"name\":\"agentura\",\"@id\":\"https:\/\/www.work-now.eu\/cs\/#\/schema\/person\/8f9d585cfa0daed16b0de60b0d27695f\"},\"headline\":\"B\u011b\u017en\u00fd den pe\u010dovatelky\",\"datePublished\":\"2020-05-18T13:49:59+00:00\",\"dateModified\":\"2021-01-08T04:11:22+00:00\",\"mainEntityOfPage\":{\"@id\":\"https:\/\/www.work-now.eu\/cs\/bezny-den-pecovatelky\/\"},\"wordCount\":796,\"publisher\":{\"@id\":\"https:\/\/www.work-now.eu\/cs\/#organization\"},\"image\":{\"@id\":\"https:\/\/www.work-now.eu\/cs\/bezny-den-pecovatelky\/#primaryimage\"},\"thumbnailUrl\":\"https:\/\/www.work-now.eu\/wp-content\/uploads\/2020\/05\/Health-Social-Care-Values-and-Qualifications-Stonebridge-Associated-Colleges-768x236-2.jpeg\",\"inLanguage\":\"cs\"},{\"@type\":\"WebPage\",\"@id\":\"https:\/\/www.work-now.eu\/cs\/bezny-den-pecovatelky\/\",\"url\":\"https:\/\/www.work-now.eu\/cs\/bezny-den-pecovatelky\/\",\"name\":\"B\u011b\u017en\u00fd den pe\u010dovatelky &#8212; Work now!\",\"isPartOf\":{\"@id\":\"https:\/\/www.work-now.eu\/cs\/#website\"},\"primaryImageOfPage\":{\"@id\":\"https:\/\/www.work-now.eu\/cs\/bezny-den-pecovatelky\/#primaryimage\"},\"image\":{\"@id\":\"https:\/\/www.work-now.eu\/cs\/bezny-den-pecovatelky\/#primaryimage\"},\"thumbnailUrl\":\"https:\/\/www.work-now.eu\/wp-content\/uploads\/2020\/05\/Health-Social-Care-Values-and-Qualifications-Stonebridge-Associated-Colleges-768x236-2.jpeg\",\"datePublished\":\"2020-05-18T13:49:59+00:00\",\"dateModified\":\"2021-01-08T04:11:22+00:00\",\"breadcrumb\":{\"@id\":\"https:\/\/www.work-now.eu\/cs\/bezny-den-pecovatelky\/#breadcrumb\"},\"inLanguage\":\"cs\",\"potentialAction\":[{\"@type\":\"ReadAction\",\"target\":[\"https:\/\/www.work-now.eu\/cs\/bezny-den-pecovatelky\/\"]}]},{\"@type\":\"ImageObject\",\"inLanguage\":\"cs\",\"@id\":\"https:\/\/www.work-now.eu\/cs\/bezny-den-pecovatelky\/#primaryimage\",\"url\":\"https:\/\/www.work-now.eu\/wp-content\/uploads\/2020\/05\/Health-Social-Care-Values-and-Qualifications-Stonebridge-Associated-Colleges-768x236-2.jpeg\",\"contentUrl\":\"https:\/\/www.work-now.eu\/wp-content\/uploads\/2020\/05\/Health-Social-Care-Values-and-Qualifications-Stonebridge-Associated-Colleges-768x236-2.jpeg\",\"width\":768,\"height\":236},{\"@type\":\"BreadcrumbList\",\"@id\":\"https:\/\/www.work-now.eu\/cs\/bezny-den-pecovatelky\/#breadcrumb\",\"itemListElement\":[{\"@type\":\"ListItem\",\"position\":1,\"name\":\"Home\",\"item\":\"https:\/\/www.work-now.eu\/cs\/\"},{\"@type\":\"ListItem\",\"position\":2,\"name\":\"B\u011b\u017en\u00fd den pe\u010dovatelky\"}]},{\"@type\":\"WebSite\",\"@id\":\"https:\/\/www.work-now.eu\/cs\/#website\",\"url\":\"https:\/\/www.work-now.eu\/cs\/\",\"name\":\"Work now!\",\"description\":\"Employment agency\",\"publisher\":{\"@id\":\"https:\/\/www.work-now.eu\/cs\/#organization\"},\"potentialAction\":[{\"@type\":\"SearchAction\",\"target\":{\"@type\":\"EntryPoint\",\"urlTemplate\":\"https:\/\/www.work-now.eu\/cs\/?s={search_term_string}\"},\"query-input\":{\"@type\":\"PropertyValueSpecification\",\"valueRequired\":true,\"valueName\":\"search_term_string\"}}],\"inLanguage\":\"cs\"},{\"@type\":\"Organization\",\"@id\":\"https:\/\/www.work-now.eu\/cs\/#organization\",\"name\":\"IFNE Slovakia s.r.o.\",\"url\":\"https:\/\/www.work-now.eu\/cs\/\",\"logo\":{\"@type\":\"ImageObject\",\"inLanguage\":\"cs\",\"@id\":\"https:\/\/www.work-now.eu\/cs\/#\/schema\/logo\/image\/\",\"url\":\"https:\/\/www.work-now.eu\/wp-content\/uploads\/2018\/05\/logo.png\",\"contentUrl\":\"https:\/\/www.work-now.eu\/wp-content\/uploads\/2018\/05\/logo.png\",\"width\":748,\"height\":113,\"caption\":\"IFNE Slovakia s.r.o.\"},\"image\":{\"@id\":\"https:\/\/www.work-now.eu\/cs\/#\/schema\/logo\/image\/\"}},{\"@type\":\"Person\",\"@id\":\"https:\/\/www.work-now.eu\/cs\/#\/schema\/person\/8f9d585cfa0daed16b0de60b0d27695f\",\"name\":\"agentura\"}]}<\/script>\n<!-- \/ Yoast SEO plugin. -->","yoast_head_json":{"title":"B\u011b\u017en\u00fd den pe\u010dovatelky &#8212; Work now!","robots":{"index":"index","follow":"follow","max-snippet":"max-snippet:-1","max-image-preview":"max-image-preview:large","max-video-preview":"max-video-preview:-1"},"og_locale":"cs_CZ","og_type":"article","og_title":"B\u011b\u017en\u00fd den pe\u010dovatelky &#8212; Work now!","og_description":"Zaj\u00edmalo by V\u00e1s jak vypad\u00e1 b\u011b\u017en\u00fd den pe\u010dovatelky senioru v pe\u010dovatelsk\u00e9m dom\u011b?B\u011b\u017en\u00fd den pe\u010dovatelky","og_url":"https:\/\/www.work-now.eu\/cs\/bezny-den-pecovatelky\/","og_site_name":"Work now!","article_published_time":"2020-05-18T13:49:59+00:00","article_modified_time":"2021-01-08T04:11:22+00:00","og_image":[{"width":768,"height":236,"url":"https:\/\/www.work-now.eu\/wp-content\/uploads\/2020\/05\/Health-Social-Care-Values-and-Qualifications-Stonebridge-Associated-Colleges-768x236-2.jpeg","type":"image\/jpeg"}],"author":"agentura","twitter_card":"summary_large_image","twitter_misc":{"Napsal(a)":"agentura","Odhadovan\u00e1 doba \u010dten\u00ed":"4 minuty"},"schema":{"@context":"https:\/\/schema.org","@graph":[{"@type":"Article","@id":"https:\/\/www.work-now.eu\/cs\/bezny-den-pecovatelky\/#article","isPartOf":{"@id":"https:\/\/www.work-now.eu\/cs\/bezny-den-pecovatelky\/"},"author":{"name":"agentura","@id":"https:\/\/www.work-now.eu\/cs\/#\/schema\/person\/8f9d585cfa0daed16b0de60b0d27695f"},"headline":"B\u011b\u017en\u00fd den pe\u010dovatelky","datePublished":"2020-05-18T13:49:59+00:00","dateModified":"2021-01-08T04:11:22+00:00","mainEntityOfPage":{"@id":"https:\/\/www.work-now.eu\/cs\/bezny-den-pecovatelky\/"},"wordCount":796,"publisher":{"@id":"https:\/\/www.work-now.eu\/cs\/#organization"},"image":{"@id":"https:\/\/www.work-now.eu\/cs\/bezny-den-pecovatelky\/#primaryimage"},"thumbnailUrl":"https:\/\/www.work-now.eu\/wp-content\/uploads\/2020\/05\/Health-Social-Care-Values-and-Qualifications-Stonebridge-Associated-Colleges-768x236-2.jpeg","inLanguage":"cs"},{"@type":"WebPage","@id":"https:\/\/www.work-now.eu\/cs\/bezny-den-pecovatelky\/","url":"https:\/\/www.work-now.eu\/cs\/bezny-den-pecovatelky\/","name":"B\u011b\u017en\u00fd den pe\u010dovatelky &#8212; Work now!","isPartOf":{"@id":"https:\/\/www.work-now.eu\/cs\/#website"},"primaryImageOfPage":{"@id":"https:\/\/www.work-now.eu\/cs\/bezny-den-pecovatelky\/#primaryimage"},"image":{"@id":"https:\/\/www.work-now.eu\/cs\/bezny-den-pecovatelky\/#primaryimage"},"thumbnailUrl":"https:\/\/www.work-now.eu\/wp-content\/uploads\/2020\/05\/Health-Social-Care-Values-and-Qualifications-Stonebridge-Associated-Colleges-768x236-2.jpeg","datePublished":"2020-05-18T13:49:59+00:00","dateModified":"2021-01-08T04:11:22+00:00","breadcrumb":{"@id":"https:\/\/www.work-now.eu\/cs\/bezny-den-pecovatelky\/#breadcrumb"},"inLanguage":"cs","potentialAction":[{"@type":"ReadAction","target":["https:\/\/www.work-now.eu\/cs\/bezny-den-pecovatelky\/"]}]},{"@type":"ImageObject","inLanguage":"cs","@id":"https:\/\/www.work-now.eu\/cs\/bezny-den-pecovatelky\/#primaryimage","url":"https:\/\/www.work-now.eu\/wp-content\/uploads\/2020\/05\/Health-Social-Care-Values-and-Qualifications-Stonebridge-Associated-Colleges-768x236-2.jpeg","contentUrl":"https:\/\/www.work-now.eu\/wp-content\/uploads\/2020\/05\/Health-Social-Care-Values-and-Qualifications-Stonebridge-Associated-Colleges-768x236-2.jpeg","width":768,"height":236},{"@type":"BreadcrumbList","@id":"https:\/\/www.work-now.eu\/cs\/bezny-den-pecovatelky\/#breadcrumb","itemListElement":[{"@type":"ListItem","position":1,"name":"Home","item":"https:\/\/www.work-now.eu\/cs\/"},{"@type":"ListItem","position":2,"name":"B\u011b\u017en\u00fd den pe\u010dovatelky"}]},{"@type":"WebSite","@id":"https:\/\/www.work-now.eu\/cs\/#website","url":"https:\/\/www.work-now.eu\/cs\/","name":"Work now!","description":"Employment agency","publisher":{"@id":"https:\/\/www.work-now.eu\/cs\/#organization"},"potentialAction":[{"@type":"SearchAction","target":{"@type":"EntryPoint","urlTemplate":"https:\/\/www.work-now.eu\/cs\/?s={search_term_string}"},"query-input":{"@type":"PropertyValueSpecification","valueRequired":true,"valueName":"search_term_string"}}],"inLanguage":"cs"},{"@type":"Organization","@id":"https:\/\/www.work-now.eu\/cs\/#organization","name":"IFNE Slovakia s.r.o.","url":"https:\/\/www.work-now.eu\/cs\/","logo":{"@type":"ImageObject","inLanguage":"cs","@id":"https:\/\/www.work-now.eu\/cs\/#\/schema\/logo\/image\/","url":"https:\/\/www.work-now.eu\/wp-content\/uploads\/2018\/05\/logo.png","contentUrl":"https:\/\/www.work-now.eu\/wp-content\/uploads\/2018\/05\/logo.png","width":748,"height":113,"caption":"IFNE Slovakia s.r.o."},"image":{"@id":"https:\/\/www.work-now.eu\/cs\/#\/schema\/logo\/image\/"}},{"@type":"Person","@id":"https:\/\/www.work-now.eu\/cs\/#\/schema\/person\/8f9d585cfa0daed16b0de60b0d27695f","name":"agentura"}]}},"_links":{"self":[{"href":"https:\/\/www.work-now.eu\/cs\/wp-json\/wp\/v2\/posts\/1133","targetHints":{"allow":["GET"]}}],"collection":[{"href":"https:\/\/www.work-now.eu\/cs\/wp-json\/wp\/v2\/posts"}],"about":[{"href":"https:\/\/www.work-now.eu\/cs\/wp-json\/wp\/v2\/types\/post"}],"author":[{"embeddable":true,"href":"https:\/\/www.work-now.eu\/cs\/wp-json\/wp\/v2\/users\/1"}],"replies":[{"embeddable":true,"href":"https:\/\/www.work-now.eu\/cs\/wp-json\/wp\/v2\/comments?post=1133"}],"version-history":[{"count":0,"href":"https:\/\/www.work-now.eu\/cs\/wp-json\/wp\/v2\/posts\/1133\/revisions"}],"wp:featuredmedia":[{"embeddable":true,"href":"https:\/\/www.work-now.eu\/cs\/wp-json\/wp\/v2\/media\/1102"}],"wp:attachment":[{"href":"https:\/\/www.work-now.eu\/cs\/wp-json\/wp\/v2\/media?parent=1133"}],"wp:term":[{"taxonomy":"category","embeddable":true,"href":"https:\/\/www.work-now.eu\/cs\/wp-json\/wp\/v2\/categories?post=1133"},{"taxonomy":"post_tag","embeddable":true,"href":"https:\/\/www.work-now.eu\/cs\/wp-json\/wp\/v2\/tags?post=1133"}],"curies":[{"name":"wp","href":"https:\/\/api.w.org\/{rel}","templated":true}]}}