{"id":1139,"date":"2020-05-26T14:46:23","date_gmt":"2020-05-26T12:46:23","guid":{"rendered":"https:\/\/www.work-now.eu\/?p=1139"},"modified":"2021-01-08T06:11:16","modified_gmt":"2021-01-08T04:11:16","slug":"szeretned-tudni-hogy-hogyan-nez-ki-egy-nap-az-idosek-otthonaban-2","status":"publish","type":"post","link":"https:\/\/www.work-now.eu\/hu\/szeretned-tudni-hogy-hogyan-nez-ki-egy-nap-az-idosek-otthonaban-2\/","title":{"rendered":"Szeretn\u00e9d tudni hogy hogyan n\u00e9z ki egy nap az id\u0151sek otthon\u00e1ban?"},"content":{"rendered":"\n<p>47 \u00e9ves vagyok \u00e9s sok \u00e9ves tapasztalattal rendelkezek az id\u0151sek gondoz\u00e1s\u00e1ban. A m\u00faltban 10 \u00e9vig dolgoztam seg\u00e9d\u00e1pol\u00f3i poz\u00edci\u00f3ban egy szlov\u00e1kiai k\u00f3rh\u00e1z elfekv\u0151 oszt\u00e1ly\u00e1n. Mivel szeretem a munk\u00e1m \u00edgy most is id\u0151s embereket, any\u00f3k\u00e1kat \u00e9s pap\u00e1kat gondozok csak most egy id\u0151sek otthon\u00e1ban. A jelenlegi munk\u00e1mhoz eg\u00e9szen az Egyes\u00fclt Kir\u00e1lys\u00e1gba utaztam. <\/p>\n\n\n\n<p>Miel\u0151tt \u00fagy d\u00f6ntesz hogy te is \u00e1pol\u00f3i munk\u00e1t v\u00e1llaln\u00e1l fontos, hogy egy\u00fctt tudj \u00e9rezni \u00e9s tudd, hogy sz\u00edvesen seg\u00edten\u00e9l az id\u0151seken. Egyszer\u0171en csod\u00e1latos amikor egy \u00e1pol\u00f3 sz\u00edvvel l\u00e9lekkel tudja v\u00e9gezni a munk\u00e1j\u00e1t \u00e9s az id\u0151sekre nemcsak mint munka tekint. \u00c9pp \u00edgy \u00e9rzek \u00e9n is, mert nekem ez nem csup\u00e1n munka hanem hivat\u00e1s. Szeretem a munk\u00e1m \u00e9s v\u00e9gz\u00e9se boldogs\u00e1ggal t\u00f6lt el. Az id\u0151sek, mam\u00e1k \u00e9s pap\u00e1k h\u00e1l\u00e1s tekintette az igazi jutalom sz\u00e1momra.<\/p>\n\n\n\n<!--more-->\n\n\n\n<p>Szeretn\u00e9m veletek megosztani, hogy hogyan n\u00e9z ki az \u00e1tlagos napom. Term\u00e9szetesen nem minden nap egyforma mert f\u00fcgg att\u00f3l is, hogy \u00e9pp milyen m\u0171szakban dolgozom. Amikor reggeles vagyok akkor a munkakezd\u00e9s el\u0151tt m\u00e1sf\u00e9l \u00f3r\u00e1val felkelek. <\/p>\n\n\n\n<p>A munkahelyem ugyan csak p\u00e1r l\u00e9p\u00e9sre van m\u00e9gis kor\u00e1bban \u00e9bredek mert szeretek reggel lezuhanyozni, reggelizek, k\u00e1v\u00e9t iszom, elsz\u00edvok egy cigaret\u00e1t \u00e9s kezd\u0151dhet is a nap. A munka el\u0151tt olyan pihen\u0151 \u00f3r\u00e1t tartok magamnak.<\/p>\n\n\n\n<p>A reggeli m\u0171szak munkaideje reggel 7:30-kor kezd\u0151dik, de 7:15-kor vagyis 15 perccel a munkakedz\u00e9s el\u0151tt meg kell \u00e9rkezn\u00fcnk a munk\u00e1ba, hogy az \u00e9jjeli m\u0171szak m\u00e9g be tudjon sz\u00e1molni minden \u00fajdons\u00e1gr\u00f3l. A jelent\u00e9s \u00e1tv\u00e9tele ut\u00e1n megkezdj\u00fck a munk\u00e1t a h\u00e1z azon lak\u00f3ival akiknek gondoz\u00e1sa a mi teend\u0151ink k\u00f6z\u00e9 tartozik. A munka az \u00fcgyf\u00e9l szob\u00e1j\u00e1ban t\u00f6rt\u00e9nik, n\u00e9ha van reggeli f\u00fcrd\u00e9s is. <\/p>\n\n\n\n<p>A reggeli k\u00e9sz\u00fcl\u0151d\u00e9st k\u00f6vet\u0151en elk\u00eds\u00e9rj\u00fck az id\u0151seket az eb\u00e9dl\u0151be, ahol a reggelit fel is szolg\u00e1ljuk majd a v\u00e9g\u00e9n el is takar\u00edtjuk. K\u00e9s\u0151bb, 10:00 \u00f3rakor az \u00fcgyfeleink t\u00edz\u00f3raiznak (k\u00e1v\u00e9, tea, keksz). Id\u0151k\u00f6zben reggelit szolg\u00e1lunk fel azoknak az \u00fcgyfeleknek a szob\u00e1j\u00e1ban akik fekv\u0151 betegek. Ezeket az \u00fcgyfeleket forgatjuk, pelenk\u00e1zzuk \u00e9s szint\u00e9n t\u00edz\u00f3raival l\u00e1tjuk el. Odafigyel\u00fcnk a rendszeres folyad\u00e9k p\u00f3tl\u00e1sra. A fekv\u0151 betegeket minden k\u00e9t \u00f3r\u00e1ban forgatjuk, hogy megel\u0151zz\u00fck a felfekv\u00e9sek kialakul\u00e1s\u00e1t. 11:00-kor sz\u00fcnet\u00fcnk van, ilyenkor van lehet\u0151s\u00e9g az eb\u00e9dre vagy \u00e9pp t\u00edz\u00f3raira. A sz\u00fcnet 30 perces. Ezt k\u00f6vet\u0151en 11:30-kor elkezdj\u00fck el\u0151k\u00e9sz\u00edteni az eb\u00e9dl\u0151ben az asztalokat, ev\u0151eszk\u00f6z\u00f6k \u00e9s poharak elhelyez\u00e9se. Majd az asztalokhoz k\u00eds\u00e9rj\u00fck a r\u00e1nk b\u00edzott szem\u00e9lyeket. 12:00-kor kezd\u0151dik az eb\u00e9d, ezeket sz\u00e9thordjuk a magatehetetlen betegeknek felszolg\u00e1ljuk \u00e9s meg is etetj\u00fck \u0151ket. Az eb\u00e9det k\u00f6vet\u0151en az \u00fcgyfeleket elk\u00eds\u00e9rj\u00fck ahov\u00e1 menni szeretn\u00e9nek, ez lehet a TV helyis\u00e9g, saj\u00e1t szob\u00e1ba vagy ak\u00e1r a kertbe is egy kellemes s\u00e9t\u00e1ra. Tessz\u00fck mindezt 13:30-ig amikor is elkezdj\u00fck \u00edrni a jelent\u00e9s\u00fcnket a mi al\u00e1nk tartoz\u00f3 \u00fcgyfelek nyilv\u00e1ntart\u00e1s\u00e1ba. A jelent\u00e9s val\u00f3j\u00e1ban egy besz\u00e1mol\u00f3 az \u00fcgyf\u00e9l napj\u00e1r\u00f3l, itt jegyezz\u00fck fel a k\u00fcl\u00f6nleges inform\u00e1ci\u00f3kat is ha esetleg valamire nagyobb figyelmet kell szentelni. Ez az\u00e9rt fontos, hogy a minket k\u00f6vet\u0151 m\u0171szak tudja hogy milyen rendhagy\u00f3 dolgok t\u00f6rt\u00e9ntek. Mire befejezz\u00fck a pap\u00edr munk\u00e1t m\u00e1r el is \u00e9rkezik a m\u0171szak v\u00e9ge &#8211; 14:00-kor t\u00f6rt\u00e9nik a csere. Ekkor kezd\u0151dik meg a d\u00e9lut\u00e1ni m\u0171szak. Ilyenkor \u00e1tadjuk a jelent\u00e9s\u00fcnket \u00e9s hazamegy\u00fcnk. A haza\u00e9rkez\u00e9s ut\u00e1n \u00e1ltal\u00e1ban lezuhanyzok, iszok egy fincsi k\u00e1v\u00e9t \u00e9s cigizek. A nap t\u00f6bbi r\u00e9sz\u00e9t m\u00e1r csak relax\u00e1ci\u00f3val t\u00f6lt\u00f6m. Ha kedvem tartja f\u0151z\u00f6k vagy kis\u00e9t\u00e1lok a v\u00e1rosba bev\u00e1s\u00e1rolni esetleg a tengerpartra.<\/p>\n","protected":false},"excerpt":{"rendered":"<p>47 \u00e9ves vagyok \u00e9s sok \u00e9ves tapasztalattal rendelkezek az id\u0151sek gondoz\u00e1s\u00e1ban. A m\u00faltban 10 \u00e9vig dolgoztam seg\u00e9d\u00e1pol\u00f3i poz\u00edci\u00f3ban egy szlov\u00e1kiai k\u00f3rh\u00e1z elfekv\u0151 oszt\u00e1ly\u00e1n. Mivel szeretem a munk\u00e1m \u00edgy most is id\u0151s embereket, any\u00f3k\u00e1kat \u00e9s pap\u00e1kat gondozok csak most egy id\u0151sek otthon\u00e1ban. A jelenlegi munk\u00e1mhoz eg\u00e9szen az Egyes\u00fclt Kir\u00e1lys\u00e1gba utaztam. Miel\u0151tt \u00fagy d\u00f6ntesz hogy te is<\/p>\n","protected":false},"author":1,"featured_media":1103,"comment_status":"closed","ping_status":"closed","sticky":false,"template":"","format":"standard","meta":{"_acf_changed":false,"footnotes":""},"categories":[8],"tags":[],"class_list":["post-1139","post","type-post","status-publish","format-standard","has-post-thumbnail","hentry","category-kategorizalva","necervensie"],"acf":[],"yoast_head":"<!-- This site is optimized with the Yoast SEO plugin v26.1.1 - https:\/\/yoast.com\/wordpress\/plugins\/seo\/ -->\n<title>Szeretn\u00e9d tudni hogy hogyan n\u00e9z ki egy nap az id\u0151sek otthon\u00e1ban? &#8212; Work now!<\/title>\n<meta name=\"robots\" content=\"index, follow, max-snippet:-1, max-image-preview:large, max-video-preview:-1\" \/>\n<meta property=\"og:locale\" content=\"hu_HU\" \/>\n<meta property=\"og:type\" content=\"article\" \/>\n<meta property=\"og:title\" content=\"Szeretn\u00e9d tudni hogy hogyan n\u00e9z ki egy nap az id\u0151sek otthon\u00e1ban? &#8212; Work now!\" \/>\n<meta property=\"og:description\" content=\"47 \u00e9ves vagyok \u00e9s sok \u00e9ves tapasztalattal rendelkezek az id\u0151sek gondoz\u00e1s\u00e1ban. A m\u00faltban 10 \u00e9vig dolgoztam seg\u00e9d\u00e1pol\u00f3i poz\u00edci\u00f3ban egy szlov\u00e1kiai k\u00f3rh\u00e1z elfekv\u0151 oszt\u00e1ly\u00e1n. Mivel szeretem a munk\u00e1m \u00edgy most is id\u0151s embereket, any\u00f3k\u00e1kat \u00e9s pap\u00e1kat gondozok csak most egy id\u0151sek otthon\u00e1ban. A jelenlegi munk\u00e1mhoz eg\u00e9szen az Egyes\u00fclt Kir\u00e1lys\u00e1gba utaztam. Miel\u0151tt \u00fagy d\u00f6ntesz hogy te is\" \/>\n<meta property=\"og:url\" content=\"https:\/\/www.work-now.eu\/hu\/szeretned-tudni-hogy-hogyan-nez-ki-egy-nap-az-idosek-otthonaban-2\/\" \/>\n<meta property=\"og:site_name\" content=\"Work now!\" \/>\n<meta property=\"article:published_time\" content=\"2020-05-26T12:46:23+00:00\" \/>\n<meta property=\"article:modified_time\" content=\"2021-01-08T04:11:16+00:00\" \/>\n<meta property=\"og:image\" content=\"https:\/\/www.work-now.eu\/wp-content\/uploads\/2020\/05\/Health-Social-Care-Values-and-Qualifications-Stonebridge-Associated-Colleges-768x236-2.jpeg\" \/>\n\t<meta property=\"og:image:width\" content=\"768\" \/>\n\t<meta property=\"og:image:height\" content=\"236\" \/>\n\t<meta property=\"og:image:type\" content=\"image\/jpeg\" \/>\n<meta name=\"author\" content=\"agentura\" \/>\n<meta name=\"twitter:card\" content=\"summary_large_image\" \/>\n<meta name=\"twitter:label1\" content=\"Szerz\u0151:\" \/>\n\t<meta name=\"twitter:data1\" content=\"agentura\" \/>\n\t<meta name=\"twitter:label2\" content=\"Becs\u00fclt olvas\u00e1si id\u0151\" \/>\n\t<meta name=\"twitter:data2\" content=\"4 perc\" \/>\n<script type=\"application\/ld+json\" class=\"yoast-schema-graph\">{\"@context\":\"https:\/\/schema.org\",\"@graph\":[{\"@type\":\"Article\",\"@id\":\"https:\/\/www.work-now.eu\/hu\/szeretned-tudni-hogy-hogyan-nez-ki-egy-nap-az-idosek-otthonaban-2\/#article\",\"isPartOf\":{\"@id\":\"https:\/\/www.work-now.eu\/hu\/szeretned-tudni-hogy-hogyan-nez-ki-egy-nap-az-idosek-otthonaban-2\/\"},\"author\":{\"name\":\"agentura\",\"@id\":\"https:\/\/www.work-now.eu\/hu\/#\/schema\/person\/8f9d585cfa0daed16b0de60b0d27695f\"},\"headline\":\"Szeretn\u00e9d tudni hogy hogyan n\u00e9z ki egy nap az id\u0151sek otthon\u00e1ban?\",\"datePublished\":\"2020-05-26T12:46:23+00:00\",\"dateModified\":\"2021-01-08T04:11:16+00:00\",\"mainEntityOfPage\":{\"@id\":\"https:\/\/www.work-now.eu\/hu\/szeretned-tudni-hogy-hogyan-nez-ki-egy-nap-az-idosek-otthonaban-2\/\"},\"wordCount\":768,\"publisher\":{\"@id\":\"https:\/\/www.work-now.eu\/hu\/#organization\"},\"image\":{\"@id\":\"https:\/\/www.work-now.eu\/hu\/szeretned-tudni-hogy-hogyan-nez-ki-egy-nap-az-idosek-otthonaban-2\/#primaryimage\"},\"thumbnailUrl\":\"https:\/\/www.work-now.eu\/wp-content\/uploads\/2020\/05\/Health-Social-Care-Values-and-Qualifications-Stonebridge-Associated-Colleges-768x236-2.jpeg\",\"articleSection\":[\"Kategoriz\u00e1lva\"],\"inLanguage\":\"hu\"},{\"@type\":\"WebPage\",\"@id\":\"https:\/\/www.work-now.eu\/hu\/szeretned-tudni-hogy-hogyan-nez-ki-egy-nap-az-idosek-otthonaban-2\/\",\"url\":\"https:\/\/www.work-now.eu\/hu\/szeretned-tudni-hogy-hogyan-nez-ki-egy-nap-az-idosek-otthonaban-2\/\",\"name\":\"Szeretn\u00e9d tudni hogy hogyan n\u00e9z ki egy nap az id\u0151sek otthon\u00e1ban? &#8212; Work now!\",\"isPartOf\":{\"@id\":\"https:\/\/www.work-now.eu\/hu\/#website\"},\"primaryImageOfPage\":{\"@id\":\"https:\/\/www.work-now.eu\/hu\/szeretned-tudni-hogy-hogyan-nez-ki-egy-nap-az-idosek-otthonaban-2\/#primaryimage\"},\"image\":{\"@id\":\"https:\/\/www.work-now.eu\/hu\/szeretned-tudni-hogy-hogyan-nez-ki-egy-nap-az-idosek-otthonaban-2\/#primaryimage\"},\"thumbnailUrl\":\"https:\/\/www.work-now.eu\/wp-content\/uploads\/2020\/05\/Health-Social-Care-Values-and-Qualifications-Stonebridge-Associated-Colleges-768x236-2.jpeg\",\"datePublished\":\"2020-05-26T12:46:23+00:00\",\"dateModified\":\"2021-01-08T04:11:16+00:00\",\"breadcrumb\":{\"@id\":\"https:\/\/www.work-now.eu\/hu\/szeretned-tudni-hogy-hogyan-nez-ki-egy-nap-az-idosek-otthonaban-2\/#breadcrumb\"},\"inLanguage\":\"hu\",\"potentialAction\":[{\"@type\":\"ReadAction\",\"target\":[\"https:\/\/www.work-now.eu\/hu\/szeretned-tudni-hogy-hogyan-nez-ki-egy-nap-az-idosek-otthonaban-2\/\"]}]},{\"@type\":\"ImageObject\",\"inLanguage\":\"hu\",\"@id\":\"https:\/\/www.work-now.eu\/hu\/szeretned-tudni-hogy-hogyan-nez-ki-egy-nap-az-idosek-otthonaban-2\/#primaryimage\",\"url\":\"https:\/\/www.work-now.eu\/wp-content\/uploads\/2020\/05\/Health-Social-Care-Values-and-Qualifications-Stonebridge-Associated-Colleges-768x236-2.jpeg\",\"contentUrl\":\"https:\/\/www.work-now.eu\/wp-content\/uploads\/2020\/05\/Health-Social-Care-Values-and-Qualifications-Stonebridge-Associated-Colleges-768x236-2.jpeg\",\"width\":768,\"height\":236},{\"@type\":\"BreadcrumbList\",\"@id\":\"https:\/\/www.work-now.eu\/hu\/szeretned-tudni-hogy-hogyan-nez-ki-egy-nap-az-idosek-otthonaban-2\/#breadcrumb\",\"itemListElement\":[{\"@type\":\"ListItem\",\"position\":1,\"name\":\"Home\",\"item\":\"https:\/\/www.work-now.eu\/hu\/\"},{\"@type\":\"ListItem\",\"position\":2,\"name\":\"Szeretn\u00e9d tudni hogy hogyan n\u00e9z ki egy nap az id\u0151sek otthon\u00e1ban?\"}]},{\"@type\":\"WebSite\",\"@id\":\"https:\/\/www.work-now.eu\/hu\/#website\",\"url\":\"https:\/\/www.work-now.eu\/hu\/\",\"name\":\"Work now!\",\"description\":\"Employment agency\",\"publisher\":{\"@id\":\"https:\/\/www.work-now.eu\/hu\/#organization\"},\"potentialAction\":[{\"@type\":\"SearchAction\",\"target\":{\"@type\":\"EntryPoint\",\"urlTemplate\":\"https:\/\/www.work-now.eu\/hu\/?s={search_term_string}\"},\"query-input\":{\"@type\":\"PropertyValueSpecification\",\"valueRequired\":true,\"valueName\":\"search_term_string\"}}],\"inLanguage\":\"hu\"},{\"@type\":\"Organization\",\"@id\":\"https:\/\/www.work-now.eu\/hu\/#organization\",\"name\":\"IFNE Slovakia s.r.o.\",\"url\":\"https:\/\/www.work-now.eu\/hu\/\",\"logo\":{\"@type\":\"ImageObject\",\"inLanguage\":\"hu\",\"@id\":\"https:\/\/www.work-now.eu\/hu\/#\/schema\/logo\/image\/\",\"url\":\"https:\/\/www.work-now.eu\/wp-content\/uploads\/2018\/05\/logo.png\",\"contentUrl\":\"https:\/\/www.work-now.eu\/wp-content\/uploads\/2018\/05\/logo.png\",\"width\":748,\"height\":113,\"caption\":\"IFNE Slovakia s.r.o.\"},\"image\":{\"@id\":\"https:\/\/www.work-now.eu\/hu\/#\/schema\/logo\/image\/\"}},{\"@type\":\"Person\",\"@id\":\"https:\/\/www.work-now.eu\/hu\/#\/schema\/person\/8f9d585cfa0daed16b0de60b0d27695f\",\"name\":\"agentura\"}]}<\/script>\n<!-- \/ Yoast SEO plugin. -->","yoast_head_json":{"title":"Szeretn\u00e9d tudni hogy hogyan n\u00e9z ki egy nap az id\u0151sek otthon\u00e1ban? &#8212; Work now!","robots":{"index":"index","follow":"follow","max-snippet":"max-snippet:-1","max-image-preview":"max-image-preview:large","max-video-preview":"max-video-preview:-1"},"og_locale":"hu_HU","og_type":"article","og_title":"Szeretn\u00e9d tudni hogy hogyan n\u00e9z ki egy nap az id\u0151sek otthon\u00e1ban? &#8212; Work now!","og_description":"47 \u00e9ves vagyok \u00e9s sok \u00e9ves tapasztalattal rendelkezek az id\u0151sek gondoz\u00e1s\u00e1ban. A m\u00faltban 10 \u00e9vig dolgoztam seg\u00e9d\u00e1pol\u00f3i poz\u00edci\u00f3ban egy szlov\u00e1kiai k\u00f3rh\u00e1z elfekv\u0151 oszt\u00e1ly\u00e1n. Mivel szeretem a munk\u00e1m \u00edgy most is id\u0151s embereket, any\u00f3k\u00e1kat \u00e9s pap\u00e1kat gondozok csak most egy id\u0151sek otthon\u00e1ban. A jelenlegi munk\u00e1mhoz eg\u00e9szen az Egyes\u00fclt Kir\u00e1lys\u00e1gba utaztam. Miel\u0151tt \u00fagy d\u00f6ntesz hogy te is","og_url":"https:\/\/www.work-now.eu\/hu\/szeretned-tudni-hogy-hogyan-nez-ki-egy-nap-az-idosek-otthonaban-2\/","og_site_name":"Work now!","article_published_time":"2020-05-26T12:46:23+00:00","article_modified_time":"2021-01-08T04:11:16+00:00","og_image":[{"width":768,"height":236,"url":"https:\/\/www.work-now.eu\/wp-content\/uploads\/2020\/05\/Health-Social-Care-Values-and-Qualifications-Stonebridge-Associated-Colleges-768x236-2.jpeg","type":"image\/jpeg"}],"author":"agentura","twitter_card":"summary_large_image","twitter_misc":{"Szerz\u0151:":"agentura","Becs\u00fclt olvas\u00e1si id\u0151":"4 perc"},"schema":{"@context":"https:\/\/schema.org","@graph":[{"@type":"Article","@id":"https:\/\/www.work-now.eu\/hu\/szeretned-tudni-hogy-hogyan-nez-ki-egy-nap-az-idosek-otthonaban-2\/#article","isPartOf":{"@id":"https:\/\/www.work-now.eu\/hu\/szeretned-tudni-hogy-hogyan-nez-ki-egy-nap-az-idosek-otthonaban-2\/"},"author":{"name":"agentura","@id":"https:\/\/www.work-now.eu\/hu\/#\/schema\/person\/8f9d585cfa0daed16b0de60b0d27695f"},"headline":"Szeretn\u00e9d tudni hogy hogyan n\u00e9z ki egy nap az id\u0151sek otthon\u00e1ban?","datePublished":"2020-05-26T12:46:23+00:00","dateModified":"2021-01-08T04:11:16+00:00","mainEntityOfPage":{"@id":"https:\/\/www.work-now.eu\/hu\/szeretned-tudni-hogy-hogyan-nez-ki-egy-nap-az-idosek-otthonaban-2\/"},"wordCount":768,"publisher":{"@id":"https:\/\/www.work-now.eu\/hu\/#organization"},"image":{"@id":"https:\/\/www.work-now.eu\/hu\/szeretned-tudni-hogy-hogyan-nez-ki-egy-nap-az-idosek-otthonaban-2\/#primaryimage"},"thumbnailUrl":"https:\/\/www.work-now.eu\/wp-content\/uploads\/2020\/05\/Health-Social-Care-Values-and-Qualifications-Stonebridge-Associated-Colleges-768x236-2.jpeg","articleSection":["Kategoriz\u00e1lva"],"inLanguage":"hu"},{"@type":"WebPage","@id":"https:\/\/www.work-now.eu\/hu\/szeretned-tudni-hogy-hogyan-nez-ki-egy-nap-az-idosek-otthonaban-2\/","url":"https:\/\/www.work-now.eu\/hu\/szeretned-tudni-hogy-hogyan-nez-ki-egy-nap-az-idosek-otthonaban-2\/","name":"Szeretn\u00e9d tudni hogy hogyan n\u00e9z ki egy nap az id\u0151sek otthon\u00e1ban? &#8212; Work now!","isPartOf":{"@id":"https:\/\/www.work-now.eu\/hu\/#website"},"primaryImageOfPage":{"@id":"https:\/\/www.work-now.eu\/hu\/szeretned-tudni-hogy-hogyan-nez-ki-egy-nap-az-idosek-otthonaban-2\/#primaryimage"},"image":{"@id":"https:\/\/www.work-now.eu\/hu\/szeretned-tudni-hogy-hogyan-nez-ki-egy-nap-az-idosek-otthonaban-2\/#primaryimage"},"thumbnailUrl":"https:\/\/www.work-now.eu\/wp-content\/uploads\/2020\/05\/Health-Social-Care-Values-and-Qualifications-Stonebridge-Associated-Colleges-768x236-2.jpeg","datePublished":"2020-05-26T12:46:23+00:00","dateModified":"2021-01-08T04:11:16+00:00","breadcrumb":{"@id":"https:\/\/www.work-now.eu\/hu\/szeretned-tudni-hogy-hogyan-nez-ki-egy-nap-az-idosek-otthonaban-2\/#breadcrumb"},"inLanguage":"hu","potentialAction":[{"@type":"ReadAction","target":["https:\/\/www.work-now.eu\/hu\/szeretned-tudni-hogy-hogyan-nez-ki-egy-nap-az-idosek-otthonaban-2\/"]}]},{"@type":"ImageObject","inLanguage":"hu","@id":"https:\/\/www.work-now.eu\/hu\/szeretned-tudni-hogy-hogyan-nez-ki-egy-nap-az-idosek-otthonaban-2\/#primaryimage","url":"https:\/\/www.work-now.eu\/wp-content\/uploads\/2020\/05\/Health-Social-Care-Values-and-Qualifications-Stonebridge-Associated-Colleges-768x236-2.jpeg","contentUrl":"https:\/\/www.work-now.eu\/wp-content\/uploads\/2020\/05\/Health-Social-Care-Values-and-Qualifications-Stonebridge-Associated-Colleges-768x236-2.jpeg","width":768,"height":236},{"@type":"BreadcrumbList","@id":"https:\/\/www.work-now.eu\/hu\/szeretned-tudni-hogy-hogyan-nez-ki-egy-nap-az-idosek-otthonaban-2\/#breadcrumb","itemListElement":[{"@type":"ListItem","position":1,"name":"Home","item":"https:\/\/www.work-now.eu\/hu\/"},{"@type":"ListItem","position":2,"name":"Szeretn\u00e9d tudni hogy hogyan n\u00e9z ki egy nap az id\u0151sek otthon\u00e1ban?"}]},{"@type":"WebSite","@id":"https:\/\/www.work-now.eu\/hu\/#website","url":"https:\/\/www.work-now.eu\/hu\/","name":"Work now!","description":"Employment agency","publisher":{"@id":"https:\/\/www.work-now.eu\/hu\/#organization"},"potentialAction":[{"@type":"SearchAction","target":{"@type":"EntryPoint","urlTemplate":"https:\/\/www.work-now.eu\/hu\/?s={search_term_string}"},"query-input":{"@type":"PropertyValueSpecification","valueRequired":true,"valueName":"search_term_string"}}],"inLanguage":"hu"},{"@type":"Organization","@id":"https:\/\/www.work-now.eu\/hu\/#organization","name":"IFNE Slovakia s.r.o.","url":"https:\/\/www.work-now.eu\/hu\/","logo":{"@type":"ImageObject","inLanguage":"hu","@id":"https:\/\/www.work-now.eu\/hu\/#\/schema\/logo\/image\/","url":"https:\/\/www.work-now.eu\/wp-content\/uploads\/2018\/05\/logo.png","contentUrl":"https:\/\/www.work-now.eu\/wp-content\/uploads\/2018\/05\/logo.png","width":748,"height":113,"caption":"IFNE Slovakia s.r.o."},"image":{"@id":"https:\/\/www.work-now.eu\/hu\/#\/schema\/logo\/image\/"}},{"@type":"Person","@id":"https:\/\/www.work-now.eu\/hu\/#\/schema\/person\/8f9d585cfa0daed16b0de60b0d27695f","name":"agentura"}]}},"_links":{"self":[{"href":"https:\/\/www.work-now.eu\/hu\/wp-json\/wp\/v2\/posts\/1139","targetHints":{"allow":["GET"]}}],"collection":[{"href":"https:\/\/www.work-now.eu\/hu\/wp-json\/wp\/v2\/posts"}],"about":[{"href":"https:\/\/www.work-now.eu\/hu\/wp-json\/wp\/v2\/types\/post"}],"author":[{"embeddable":true,"href":"https:\/\/www.work-now.eu\/hu\/wp-json\/wp\/v2\/users\/1"}],"replies":[{"embeddable":true,"href":"https:\/\/www.work-now.eu\/hu\/wp-json\/wp\/v2\/comments?post=1139"}],"version-history":[{"count":0,"href":"https:\/\/www.work-now.eu\/hu\/wp-json\/wp\/v2\/posts\/1139\/revisions"}],"wp:featuredmedia":[{"embeddable":true,"href":"https:\/\/www.work-now.eu\/hu\/wp-json\/wp\/v2\/media\/1103"}],"wp:attachment":[{"href":"https:\/\/www.work-now.eu\/hu\/wp-json\/wp\/v2\/media?parent=1139"}],"wp:term":[{"taxonomy":"category","embeddable":true,"href":"https:\/\/www.work-now.eu\/hu\/wp-json\/wp\/v2\/categories?post=1139"},{"taxonomy":"post_tag","embeddable":true,"href":"https:\/\/www.work-now.eu\/hu\/wp-json\/wp\/v2\/tags?post=1139"}],"curies":[{"name":"wp","href":"https:\/\/api.w.org\/{rel}","templated":true}]}}