{"id":828,"date":"2019-01-05T10:25:14","date_gmt":"2019-01-05T08:25:14","guid":{"rendered":"https:\/\/www.work-now.eu\/?p=828"},"modified":"2024-01-19T19:09:22","modified_gmt":"2024-01-19T17:09:22","slug":"nem-tudsz-valasztani-az-egyes-poziciok-kozul","status":"publish","type":"post","link":"https:\/\/www.work-now.eu\/hu\/nem-tudsz-valasztani-az-egyes-poziciok-kozul\/","title":{"rendered":"Melyik  \u00e1pol\u00f3i poz\u00edci\u00f3 mellett d\u00f6ntsek?"},"content":{"rendered":"\n<p>Az els\u0151 d\u00f6nt\u00e9st m\u00e1r meghozta. \u00dagy d\u00f6nt\u00f6tt, hogy gondoz\u00f3k\u00e9nt\nszeretne dolgozni. Most k\u00f6vetkezik a m\u00e1sodik v\u00e1laszt\u00e1s. Gondolkozzon el azon,\nhogy <strong>Live in<\/strong> vagy <strong>Live out<\/strong> gondoz\u00f3k\u00e9nt szeretne dolgozni?\n<\/p>\n\n\n\n<!--more-->\n\n\n\n<p><strong>Live in carer<\/strong>\n\u00e1pol\u00f3k\u00e9nt id\u0151sekr\u0151l vagy fogyat\u00e9kkal \u00e9l\u0151kr\u0151l kell gondoskodni k\u00f6zvetlen\u00fcl a\nkijel\u00f6lt \u00fcgyf\u00e9l h\u00e1ztart\u00e1s\u00e1ban. A gondoz\u00f3 ebben az esetben a csal\u00e1d tagj\u00e1v\u00e1\nv\u00e1lik, naponta 8-10 \u00f3r\u00e1t t\u00f6lt az \u00fcgyf\u00e9llel, seg\u00edti a mindennapi rutin tev\u00e9kenys\u00e9gek\nelv\u00e9gz\u00e9s\u00e9ben fenntartva ez\u00e1ltal az \u00fcgyf\u00e9l \u00e9letmin\u0151s\u00e9g\u00e9t. Amennyiben a megb\u00edz\u00f3\n\u00e1llapota engedi, akkor a gondoz\u00f3 k\u00eds\u00e9r\u0151je lesz a szabadid\u0151s tev\u00e9kenys\u00e9gei sor\u00e1n\nis. Sokan szeretnek s\u00e9t\u00e1lni, m\u00e1sokat a mozi vagy a sz\u00ednh\u00e1z vonz. Olyan is van\naki kir\u00e1ndulni szeret vagy \u00e9pp a bar\u00e1taival tal\u00e1lkozni&#8230;. Az \u00e1pol\u00f3 ez\u00e9rt a\nmindennapi tev\u00e9kenys\u00e9gek elv\u00e9gz\u00e9se mellett sz\u00f3 szerint az \u00fcgyf\u00e9l &#8222;jobb\nkeze&#8221; \u00e9s seg\u00edts\u00e9get ny\u00fajt p\u00e9ld\u00e1ul a levelez\u00e9s\u00e9ben is vagy ak\u00e1r \u00fcgyek\nint\u00e9z\u00e9s\u00e9ben. Egysz\u00f3val a munka v\u00e1ltozatos. A munka turnusokban t\u00f6rt\u00e9nik, melyek\n2-3 vagy 6-8 hetesek. Az egyes turnusok k\u00f6zt 1-2 h\u00e9t szabadot kap, ez\u00e9rt a\npoz\u00edci\u00f3 lehet\u0151v\u00e9 teszi, hogy gyakrabban haza l\u00e1togasson. A poz\u00edci\u00f3 m\u00e1sik el\u0151nye\naz, hogy a sz\u00e1ll\u00e1s \u00e9s az ell\u00e1t\u00e1s teljesen ingyenes, k\u00f6z\u00f6sen t\u00f6rt\u00e9nik az\n\u00fcgyf\u00e9llel.<\/p>\n\n\n\n<p>\u00c9s hogy van ez a <strong>Live out<\/strong> \u00e1pol\u00e1s eset\u00e9n? A Live out gondoz\u00e1sn\u00e1l az \u00e1pol\u00f3 sz\u00e1ll\u00e1son lakik. \u00c1ltal\u00e1ban a munkahely\u00e9hez k\u00f6zel lakik. Ez a munka nem turnusos, hanem folyamatos de a gondoz\u00f3k h\u00e1romhavonta egy h\u00e9t szabads\u00e1got kapnak. Rendszerint 5 napot kell dolgozniuk, de lehet\u0151s\u00e9g ny\u00edlik t\u00fal\u00f3r\u00e1z\u00e1sra is. <\/p>\n\n\n\n<p>A Health care asszisztensek az eg\u00e9szs\u00e9g\u00fcgyben dolgoz\u00f3\nszakemberek munk\u00e1j\u00e1t seg\u00edtik, vagyis a n\u0151v\u00e9rk\u00e9k munk\u00e1j\u00e1t t\u00e1mogatj\u00e1k az id\u0151sek\notthon\u00e1ban. Seg\u00edts\u00e9get ny\u00fajtanak a szem\u00e9lyi higi\u00e9nia, \u00f6lt\u00f6zk\u00f6d\u00e9s, \u00e9tkez\u00e9s, \u00e9tel\nt\u00e1lal\u00e1sn\u00e1l, valamint a szob\u00e1k rendbertart\u00e1s\u00e1\u00e9rt felelnek, de r\u00e9szt vesznek a\nszabadid\u0151s tev\u00e9kenys\u00e9gek megszervez\u00e9s\u00e9ben is.<\/p>\n\n\n\n<p>Sz\u00f3val ilyenkor kezd\u0151dik a dilemma? Nem tudjuk megmondani, hogy melyik lehet\u0151s\u00e9g a kedvez\u0151bb vagy egyszer\u0171bb. Minden \u00e1ll\u00e1s saj\u00e1tos. \u00c9s mindenkinek m\u00e1s felel meg. N\u00e9h\u00e1nyan szeretnek eg\u00e9szen szoros kapcsolatot kialak\u00edtani az \u00fcgyf\u00e9llel, amely igaz\u00e1n csak akkor lehets\u00e9ges ha k\u00f6z\u00f6s h\u00e1ztart\u00e1sban \u00e9lnek. M\u00e1sok sz\u00edvesebben vannak emberek k\u00f6zt \u00e9s ez\u00e9rt ink\u00e1bb az id\u0151sek otthon\u00e1t v\u00e1lasztj\u00e1k. Vannak olyan \u00e1pol\u00f3k, akik szeretnek igazi csal\u00e1dtagg\u00e1 v\u00e1lni, m\u00e1sok szeretnek mag\u00e1n\u00e9letet \u00e9lni munka ut\u00e1n \u00e9s t\u00f6bbet pihenni a saj\u00e1t sz\u00e1ll\u00e1son. Sokan vannak olyanok, akik gyakran haza szeretnek utazni a csal\u00e1djukhoz, nekik mindenk\u00e9ppen a turnusos munka az el\u0151ny\u00f6sebb. M\u00e1sok nem szeretn\u00e9nek p\u00e9nzt k\u00f6lteni a rep\u00fcl\u0151jegyre, ez\u00e9rt hosszabb ideig maradnak Angli\u00e1ban \u00e9s a csal\u00e1djukat csak negyed\u00e9vente vagy f\u00e9l\u00e9vente l\u00e1togatj\u00e1k. Ha a lehet\u0151 legt\u00f6bbet szeretn\u00e9 keresni, akkor mindenk\u00e9ppen a Live in poz\u00edci\u00f3 az igazi, mivel itt sokat megtakar\u00edt a sz\u00e1ll\u00e1son \u00e9s az \u00e9tkez\u00e9sen, mert ezek ingyenesek a munkaad\u00f3ja h\u00e1z\u00e1ban. M\u00e1sok az szerint d\u00f6ntenek, hogy hol lesz alkalmuk az angol nyelvet gyorsabban elsaj\u00e1t\u00edtani \u00e9s t\u00f6k\u00e9letes\u00edteni. De ez a szempont tal\u00e1n a legkev\u00e9sb\u00e9 befoly\u00e1sol\u00f3, mivel mindenhol sz\u00fcks\u00e9g van a napi komunik\u00e1ci\u00f3ra.<\/p>\n","protected":false},"excerpt":{"rendered":"<p>Az els\u0151 d\u00f6nt\u00e9st m\u00e1r meghozta. \u00dagy d\u00f6nt\u00f6tt, hogy gondoz\u00f3k\u00e9nt szeretne dolgozni. Most k\u00f6vetkezik a m\u00e1sodik v\u00e1laszt\u00e1s. Gondolkozzon el azon, hogy Live in vagy Live out gondoz\u00f3k\u00e9nt szeretne dolgozni?<\/p>\n","protected":false},"author":1,"featured_media":813,"comment_status":"closed","ping_status":"closed","sticky":false,"template":"","format":"standard","meta":{"_acf_changed":false,"footnotes":""},"categories":[8],"tags":[],"class_list":["post-828","post","type-post","status-publish","format-standard","has-post-thumbnail","hentry","category-kategorizalva","necervensie"],"acf":[],"yoast_head":"<!-- This site is optimized with the Yoast SEO plugin v26.1.1 - https:\/\/yoast.com\/wordpress\/plugins\/seo\/ -->\n<title>Melyik \u00e1pol\u00f3i poz\u00edci\u00f3 mellett d\u00f6ntsek? &#8212; Work now!<\/title>\n<meta name=\"robots\" content=\"index, follow, max-snippet:-1, max-image-preview:large, max-video-preview:-1\" \/>\n<meta property=\"og:locale\" content=\"hu_HU\" \/>\n<meta property=\"og:type\" content=\"article\" \/>\n<meta property=\"og:title\" content=\"Melyik \u00e1pol\u00f3i poz\u00edci\u00f3 mellett d\u00f6ntsek? &#8212; Work now!\" \/>\n<meta property=\"og:description\" content=\"Az els\u0151 d\u00f6nt\u00e9st m\u00e1r meghozta. \u00dagy d\u00f6nt\u00f6tt, hogy gondoz\u00f3k\u00e9nt szeretne dolgozni. Most k\u00f6vetkezik a m\u00e1sodik v\u00e1laszt\u00e1s. Gondolkozzon el azon, hogy Live in vagy Live out gondoz\u00f3k\u00e9nt szeretne dolgozni?\" \/>\n<meta property=\"og:url\" content=\"https:\/\/www.work-now.eu\/hu\/nem-tudsz-valasztani-az-egyes-poziciok-kozul\/\" \/>\n<meta property=\"og:site_name\" content=\"Work now!\" \/>\n<meta property=\"article:published_time\" content=\"2019-01-05T08:25:14+00:00\" \/>\n<meta property=\"article:modified_time\" content=\"2024-01-19T17:09:22+00:00\" \/>\n<meta property=\"og:image\" content=\"https:\/\/www.work-now.eu\/wp-content\/uploads\/2019\/01\/bigstock-Elderly-Care-Sign-in-Word-Coll-29867138-320-pix.jpg\" \/>\n\t<meta property=\"og:image:width\" content=\"320\" \/>\n\t<meta property=\"og:image:height\" content=\"265\" \/>\n\t<meta property=\"og:image:type\" content=\"image\/jpeg\" \/>\n<meta name=\"author\" content=\"agentura\" \/>\n<meta name=\"twitter:card\" content=\"summary_large_image\" \/>\n<meta name=\"twitter:label1\" content=\"Szerz\u0151:\" \/>\n\t<meta name=\"twitter:data1\" content=\"agentura\" \/>\n\t<meta name=\"twitter:label2\" content=\"Becs\u00fclt olvas\u00e1si id\u0151\" \/>\n\t<meta name=\"twitter:data2\" content=\"3 perc\" \/>\n<script type=\"application\/ld+json\" class=\"yoast-schema-graph\">{\"@context\":\"https:\/\/schema.org\",\"@graph\":[{\"@type\":\"Article\",\"@id\":\"https:\/\/www.work-now.eu\/hu\/nem-tudsz-valasztani-az-egyes-poziciok-kozul\/#article\",\"isPartOf\":{\"@id\":\"https:\/\/www.work-now.eu\/hu\/nem-tudsz-valasztani-az-egyes-poziciok-kozul\/\"},\"author\":{\"name\":\"agentura\",\"@id\":\"https:\/\/www.work-now.eu\/hu\/#\/schema\/person\/8f9d585cfa0daed16b0de60b0d27695f\"},\"headline\":\"Melyik \u00e1pol\u00f3i poz\u00edci\u00f3 mellett d\u00f6ntsek?\",\"datePublished\":\"2019-01-05T08:25:14+00:00\",\"dateModified\":\"2024-01-19T17:09:22+00:00\",\"mainEntityOfPage\":{\"@id\":\"https:\/\/www.work-now.eu\/hu\/nem-tudsz-valasztani-az-egyes-poziciok-kozul\/\"},\"wordCount\":676,\"publisher\":{\"@id\":\"https:\/\/www.work-now.eu\/hu\/#organization\"},\"image\":{\"@id\":\"https:\/\/www.work-now.eu\/hu\/nem-tudsz-valasztani-az-egyes-poziciok-kozul\/#primaryimage\"},\"thumbnailUrl\":\"https:\/\/www.work-now.eu\/wp-content\/uploads\/2019\/01\/bigstock-Elderly-Care-Sign-in-Word-Coll-29867138-320-pix.jpg\",\"articleSection\":[\"Kategoriz\u00e1lva\"],\"inLanguage\":\"hu\"},{\"@type\":\"WebPage\",\"@id\":\"https:\/\/www.work-now.eu\/hu\/nem-tudsz-valasztani-az-egyes-poziciok-kozul\/\",\"url\":\"https:\/\/www.work-now.eu\/hu\/nem-tudsz-valasztani-az-egyes-poziciok-kozul\/\",\"name\":\"Melyik \u00e1pol\u00f3i poz\u00edci\u00f3 mellett d\u00f6ntsek? &#8212; Work now!\",\"isPartOf\":{\"@id\":\"https:\/\/www.work-now.eu\/hu\/#website\"},\"primaryImageOfPage\":{\"@id\":\"https:\/\/www.work-now.eu\/hu\/nem-tudsz-valasztani-az-egyes-poziciok-kozul\/#primaryimage\"},\"image\":{\"@id\":\"https:\/\/www.work-now.eu\/hu\/nem-tudsz-valasztani-az-egyes-poziciok-kozul\/#primaryimage\"},\"thumbnailUrl\":\"https:\/\/www.work-now.eu\/wp-content\/uploads\/2019\/01\/bigstock-Elderly-Care-Sign-in-Word-Coll-29867138-320-pix.jpg\",\"datePublished\":\"2019-01-05T08:25:14+00:00\",\"dateModified\":\"2024-01-19T17:09:22+00:00\",\"breadcrumb\":{\"@id\":\"https:\/\/www.work-now.eu\/hu\/nem-tudsz-valasztani-az-egyes-poziciok-kozul\/#breadcrumb\"},\"inLanguage\":\"hu\",\"potentialAction\":[{\"@type\":\"ReadAction\",\"target\":[\"https:\/\/www.work-now.eu\/hu\/nem-tudsz-valasztani-az-egyes-poziciok-kozul\/\"]}]},{\"@type\":\"ImageObject\",\"inLanguage\":\"hu\",\"@id\":\"https:\/\/www.work-now.eu\/hu\/nem-tudsz-valasztani-az-egyes-poziciok-kozul\/#primaryimage\",\"url\":\"https:\/\/www.work-now.eu\/wp-content\/uploads\/2019\/01\/bigstock-Elderly-Care-Sign-in-Word-Coll-29867138-320-pix.jpg\",\"contentUrl\":\"https:\/\/www.work-now.eu\/wp-content\/uploads\/2019\/01\/bigstock-Elderly-Care-Sign-in-Word-Coll-29867138-320-pix.jpg\",\"width\":320,\"height\":265,\"caption\":\"Elderly Care Sign in Word Collage\"},{\"@type\":\"BreadcrumbList\",\"@id\":\"https:\/\/www.work-now.eu\/hu\/nem-tudsz-valasztani-az-egyes-poziciok-kozul\/#breadcrumb\",\"itemListElement\":[{\"@type\":\"ListItem\",\"position\":1,\"name\":\"Home\",\"item\":\"https:\/\/www.work-now.eu\/hu\/\"},{\"@type\":\"ListItem\",\"position\":2,\"name\":\"Melyik \u00e1pol\u00f3i poz\u00edci\u00f3 mellett d\u00f6ntsek?\"}]},{\"@type\":\"WebSite\",\"@id\":\"https:\/\/www.work-now.eu\/hu\/#website\",\"url\":\"https:\/\/www.work-now.eu\/hu\/\",\"name\":\"Work now!\",\"description\":\"Employment agency\",\"publisher\":{\"@id\":\"https:\/\/www.work-now.eu\/hu\/#organization\"},\"potentialAction\":[{\"@type\":\"SearchAction\",\"target\":{\"@type\":\"EntryPoint\",\"urlTemplate\":\"https:\/\/www.work-now.eu\/hu\/?s={search_term_string}\"},\"query-input\":{\"@type\":\"PropertyValueSpecification\",\"valueRequired\":true,\"valueName\":\"search_term_string\"}}],\"inLanguage\":\"hu\"},{\"@type\":\"Organization\",\"@id\":\"https:\/\/www.work-now.eu\/hu\/#organization\",\"name\":\"IFNE Slovakia s.r.o.\",\"url\":\"https:\/\/www.work-now.eu\/hu\/\",\"logo\":{\"@type\":\"ImageObject\",\"inLanguage\":\"hu\",\"@id\":\"https:\/\/www.work-now.eu\/hu\/#\/schema\/logo\/image\/\",\"url\":\"https:\/\/www.work-now.eu\/wp-content\/uploads\/2018\/05\/logo.png\",\"contentUrl\":\"https:\/\/www.work-now.eu\/wp-content\/uploads\/2018\/05\/logo.png\",\"width\":748,\"height\":113,\"caption\":\"IFNE Slovakia s.r.o.\"},\"image\":{\"@id\":\"https:\/\/www.work-now.eu\/hu\/#\/schema\/logo\/image\/\"}},{\"@type\":\"Person\",\"@id\":\"https:\/\/www.work-now.eu\/hu\/#\/schema\/person\/8f9d585cfa0daed16b0de60b0d27695f\",\"name\":\"agentura\"}]}<\/script>\n<!-- \/ Yoast SEO plugin. -->","yoast_head_json":{"title":"Melyik \u00e1pol\u00f3i poz\u00edci\u00f3 mellett d\u00f6ntsek? &#8212; Work now!","robots":{"index":"index","follow":"follow","max-snippet":"max-snippet:-1","max-image-preview":"max-image-preview:large","max-video-preview":"max-video-preview:-1"},"og_locale":"hu_HU","og_type":"article","og_title":"Melyik \u00e1pol\u00f3i poz\u00edci\u00f3 mellett d\u00f6ntsek? &#8212; Work now!","og_description":"Az els\u0151 d\u00f6nt\u00e9st m\u00e1r meghozta. \u00dagy d\u00f6nt\u00f6tt, hogy gondoz\u00f3k\u00e9nt szeretne dolgozni. Most k\u00f6vetkezik a m\u00e1sodik v\u00e1laszt\u00e1s. Gondolkozzon el azon, hogy Live in vagy Live out gondoz\u00f3k\u00e9nt szeretne dolgozni?","og_url":"https:\/\/www.work-now.eu\/hu\/nem-tudsz-valasztani-az-egyes-poziciok-kozul\/","og_site_name":"Work now!","article_published_time":"2019-01-05T08:25:14+00:00","article_modified_time":"2024-01-19T17:09:22+00:00","og_image":[{"width":320,"height":265,"url":"https:\/\/www.work-now.eu\/wp-content\/uploads\/2019\/01\/bigstock-Elderly-Care-Sign-in-Word-Coll-29867138-320-pix.jpg","type":"image\/jpeg"}],"author":"agentura","twitter_card":"summary_large_image","twitter_misc":{"Szerz\u0151:":"agentura","Becs\u00fclt olvas\u00e1si id\u0151":"3 perc"},"schema":{"@context":"https:\/\/schema.org","@graph":[{"@type":"Article","@id":"https:\/\/www.work-now.eu\/hu\/nem-tudsz-valasztani-az-egyes-poziciok-kozul\/#article","isPartOf":{"@id":"https:\/\/www.work-now.eu\/hu\/nem-tudsz-valasztani-az-egyes-poziciok-kozul\/"},"author":{"name":"agentura","@id":"https:\/\/www.work-now.eu\/hu\/#\/schema\/person\/8f9d585cfa0daed16b0de60b0d27695f"},"headline":"Melyik \u00e1pol\u00f3i poz\u00edci\u00f3 mellett d\u00f6ntsek?","datePublished":"2019-01-05T08:25:14+00:00","dateModified":"2024-01-19T17:09:22+00:00","mainEntityOfPage":{"@id":"https:\/\/www.work-now.eu\/hu\/nem-tudsz-valasztani-az-egyes-poziciok-kozul\/"},"wordCount":676,"publisher":{"@id":"https:\/\/www.work-now.eu\/hu\/#organization"},"image":{"@id":"https:\/\/www.work-now.eu\/hu\/nem-tudsz-valasztani-az-egyes-poziciok-kozul\/#primaryimage"},"thumbnailUrl":"https:\/\/www.work-now.eu\/wp-content\/uploads\/2019\/01\/bigstock-Elderly-Care-Sign-in-Word-Coll-29867138-320-pix.jpg","articleSection":["Kategoriz\u00e1lva"],"inLanguage":"hu"},{"@type":"WebPage","@id":"https:\/\/www.work-now.eu\/hu\/nem-tudsz-valasztani-az-egyes-poziciok-kozul\/","url":"https:\/\/www.work-now.eu\/hu\/nem-tudsz-valasztani-az-egyes-poziciok-kozul\/","name":"Melyik \u00e1pol\u00f3i poz\u00edci\u00f3 mellett d\u00f6ntsek? &#8212; Work now!","isPartOf":{"@id":"https:\/\/www.work-now.eu\/hu\/#website"},"primaryImageOfPage":{"@id":"https:\/\/www.work-now.eu\/hu\/nem-tudsz-valasztani-az-egyes-poziciok-kozul\/#primaryimage"},"image":{"@id":"https:\/\/www.work-now.eu\/hu\/nem-tudsz-valasztani-az-egyes-poziciok-kozul\/#primaryimage"},"thumbnailUrl":"https:\/\/www.work-now.eu\/wp-content\/uploads\/2019\/01\/bigstock-Elderly-Care-Sign-in-Word-Coll-29867138-320-pix.jpg","datePublished":"2019-01-05T08:25:14+00:00","dateModified":"2024-01-19T17:09:22+00:00","breadcrumb":{"@id":"https:\/\/www.work-now.eu\/hu\/nem-tudsz-valasztani-az-egyes-poziciok-kozul\/#breadcrumb"},"inLanguage":"hu","potentialAction":[{"@type":"ReadAction","target":["https:\/\/www.work-now.eu\/hu\/nem-tudsz-valasztani-az-egyes-poziciok-kozul\/"]}]},{"@type":"ImageObject","inLanguage":"hu","@id":"https:\/\/www.work-now.eu\/hu\/nem-tudsz-valasztani-az-egyes-poziciok-kozul\/#primaryimage","url":"https:\/\/www.work-now.eu\/wp-content\/uploads\/2019\/01\/bigstock-Elderly-Care-Sign-in-Word-Coll-29867138-320-pix.jpg","contentUrl":"https:\/\/www.work-now.eu\/wp-content\/uploads\/2019\/01\/bigstock-Elderly-Care-Sign-in-Word-Coll-29867138-320-pix.jpg","width":320,"height":265,"caption":"Elderly Care Sign in Word Collage"},{"@type":"BreadcrumbList","@id":"https:\/\/www.work-now.eu\/hu\/nem-tudsz-valasztani-az-egyes-poziciok-kozul\/#breadcrumb","itemListElement":[{"@type":"ListItem","position":1,"name":"Home","item":"https:\/\/www.work-now.eu\/hu\/"},{"@type":"ListItem","position":2,"name":"Melyik \u00e1pol\u00f3i poz\u00edci\u00f3 mellett d\u00f6ntsek?"}]},{"@type":"WebSite","@id":"https:\/\/www.work-now.eu\/hu\/#website","url":"https:\/\/www.work-now.eu\/hu\/","name":"Work now!","description":"Employment agency","publisher":{"@id":"https:\/\/www.work-now.eu\/hu\/#organization"},"potentialAction":[{"@type":"SearchAction","target":{"@type":"EntryPoint","urlTemplate":"https:\/\/www.work-now.eu\/hu\/?s={search_term_string}"},"query-input":{"@type":"PropertyValueSpecification","valueRequired":true,"valueName":"search_term_string"}}],"inLanguage":"hu"},{"@type":"Organization","@id":"https:\/\/www.work-now.eu\/hu\/#organization","name":"IFNE Slovakia s.r.o.","url":"https:\/\/www.work-now.eu\/hu\/","logo":{"@type":"ImageObject","inLanguage":"hu","@id":"https:\/\/www.work-now.eu\/hu\/#\/schema\/logo\/image\/","url":"https:\/\/www.work-now.eu\/wp-content\/uploads\/2018\/05\/logo.png","contentUrl":"https:\/\/www.work-now.eu\/wp-content\/uploads\/2018\/05\/logo.png","width":748,"height":113,"caption":"IFNE Slovakia s.r.o."},"image":{"@id":"https:\/\/www.work-now.eu\/hu\/#\/schema\/logo\/image\/"}},{"@type":"Person","@id":"https:\/\/www.work-now.eu\/hu\/#\/schema\/person\/8f9d585cfa0daed16b0de60b0d27695f","name":"agentura"}]}},"_links":{"self":[{"href":"https:\/\/www.work-now.eu\/hu\/wp-json\/wp\/v2\/posts\/828","targetHints":{"allow":["GET"]}}],"collection":[{"href":"https:\/\/www.work-now.eu\/hu\/wp-json\/wp\/v2\/posts"}],"about":[{"href":"https:\/\/www.work-now.eu\/hu\/wp-json\/wp\/v2\/types\/post"}],"author":[{"embeddable":true,"href":"https:\/\/www.work-now.eu\/hu\/wp-json\/wp\/v2\/users\/1"}],"replies":[{"embeddable":true,"href":"https:\/\/www.work-now.eu\/hu\/wp-json\/wp\/v2\/comments?post=828"}],"version-history":[{"count":0,"href":"https:\/\/www.work-now.eu\/hu\/wp-json\/wp\/v2\/posts\/828\/revisions"}],"wp:featuredmedia":[{"embeddable":true,"href":"https:\/\/www.work-now.eu\/hu\/wp-json\/wp\/v2\/media\/813"}],"wp:attachment":[{"href":"https:\/\/www.work-now.eu\/hu\/wp-json\/wp\/v2\/media?parent=828"}],"wp:term":[{"taxonomy":"category","embeddable":true,"href":"https:\/\/www.work-now.eu\/hu\/wp-json\/wp\/v2\/categories?post=828"},{"taxonomy":"post_tag","embeddable":true,"href":"https:\/\/www.work-now.eu\/hu\/wp-json\/wp\/v2\/tags?post=828"}],"curies":[{"name":"wp","href":"https:\/\/api.w.org\/{rel}","templated":true}]}}